[{"@context":"https:\/\/schema.org\/","@type":"Article","@id":"https:\/\/www.george-dennis.cz\/neni-nad-kombinovani\/#Article","mainEntityOfPage":"https:\/\/www.george-dennis.cz\/neni-nad-kombinovani\/","headline":"Nen\u00ed nad kombinov\u00e1n\u00ed","name":"Nen\u00ed nad kombinov\u00e1n\u00ed","description":"V\u00e1\u0161 d\u016fm je Va\u0161e kr\u00e1lovstv\u00ed. Nen\u00ed proto divu, kdy\u017e do jeho vybavov\u00e1n\u00ed vlo\u017e\u00edte vedle nemal\u00fdch \u010d\u00e1stek pen\u011bz i mnoho sv\u00e9ho voln\u00e9ho \u010dasu. V\u00fdsledek by ale m\u011bl st\u00e1t za to! Jakmile se V\u00e1m po\u0161t\u011bst\u00ed vlastnit svoje obytn\u00e9 prostory, je na\u010dase vyhledat vhodn\u00e9 obchody a tam zakoupit vybaven\u00ed, kter\u00e9 ve v\u00fdsledku pozvednou bydlen\u00ed v nov\u00e9m prostoru na \u00fapln\u011b novou \u00farove\u0148! Poslou\u017e\u00ed mnoho<br><br><a class=\"more-link\" href=\"https:\/\/www.george-dennis.cz\/neni-nad-kombinovani\/\">Read More<\/a>","datePublished":"2025-04-05","dateModified":"2025-04-05","author":{"@type":"Person","@id":"https:\/\/www.george-dennis.cz\/author\/#Person","name":"","url":"https:\/\/www.george-dennis.cz\/author\/","identifier":1,"image":{"@type":"ImageObject","@id":"https:\/\/secure.gravatar.com\/avatar\/5522eb0fc8481dea5f6519f6a0b15ee2c46358d48429b281fd7c49cbb5a929f9?s=96&d=mm&r=g","url":"https:\/\/secure.gravatar.com\/avatar\/5522eb0fc8481dea5f6519f6a0b15ee2c46358d48429b281fd7c49cbb5a929f9?s=96&d=mm&r=g","height":96,"width":96}},"publisher":{"@type":"Organization","name":"george-dennis.cz","logo":{"@type":"ImageObject","@id":"\/logo.png","url":"\/logo.png","width":600,"height":60}},"url":"https:\/\/www.george-dennis.cz\/neni-nad-kombinovani\/","wordCount":154,"articleBody":"V\u00e1\u0161 d\u016fm je Va\u0161e kr\u00e1lovstv\u00ed. Nen\u00ed proto divu, kdy\u017e do jeho vybavov\u00e1n\u00ed vlo\u017e\u00edte vedle nemal\u00fdch \u010d\u00e1stek pen\u011bz i mnoho sv\u00e9ho voln\u00e9ho \u010dasu. V\u00fdsledek by ale m\u011bl st\u00e1t za to! Jakmile se V\u00e1m po\u0161t\u011bst\u00ed vlastnit svoje obytn\u00e9 prostory, je na\u010dase vyhledat vhodn\u00e9 obchody a tam zakoupit vybaven\u00ed, kter\u00e9 ve v\u00fdsledku pozvednou bydlen\u00ed v nov\u00e9m prostoru na \u00fapln\u011b novou \u00farove\u0148! Poslou\u017e\u00ed mnoho let Nejinak je tomu i u jednotliv\u00fdch slo\u017eek vybaven\u00ed. Nap\u0159\u00edklad u takov\u00e9ho n\u00e1bytku z masivu doporu\u010dujeme vybrat takov\u00fd, kter\u00fd je zhotoven z p\u0159ijateln\u00fdch a kvalitn\u00edch materi\u00e1l\u016f. Jist\u00e9 je, \u017ee bude vyroben ze d\u0159eva. Ale kup\u0159\u00edkladu takov\u00fd dub je mnohem odoln\u011bj\u0161\u00ed, ne\u017e t\u0159eba smrk. Pokud chcete, aby V\u00e1\u0161 domov byl \u00fatuln\u00fd, doporu\u010dujeme pe\u010dliv\u011b vyb\u00edrat ka\u017ed\u00fd jednotliv\u00fd kousek n\u00e1bytku.                                                                                                                                                                                                                                                                                                                                                                                                "},{"@context":"https:\/\/schema.org\/","@type":"BreadcrumbList","itemListElement":[{"@type":"ListItem","position":1,"name":"Nen\u00ed nad kombinov\u00e1n\u00ed","item":"https:\/\/www.george-dennis.cz\/neni-nad-kombinovani\/#breadcrumbitem"}]}]