[{"@context":"https:\/\/schema.org\/","@type":"Article","@id":"https:\/\/www.george-dennis.cz\/vyklizeni-zaprasenych-prostor\/#Article","mainEntityOfPage":"https:\/\/www.george-dennis.cz\/vyklizeni-zaprasenych-prostor\/","headline":"Vykl\u00edzen\u00ed zapr\u00e1\u0161en\u00fdch prostor","name":"Vykl\u00edzen\u00ed zapr\u00e1\u0161en\u00fdch prostor","description":"Za socialismu jsem bydlel v rodinn\u00e9m dom\u011b, ve kter\u00e9m se nach\u00e1zely p\u016fdn\u00ed prostory pod sedlovou st\u0159echou. Jednoho dne jsme tu s m\u00fdm str\u00fdcem cosi prov\u00e1d\u011bli v \u010d\u00e1sti p\u016fdy, kam byl nesnadn\u00fd p\u0159\u00edstup, \u0161lo o st\u0159echu s n\u00edzk\u00fdm sklonem a v t\u011bchto prostor\u00e1ch bylo nuzn\u00e9 se pohybovat v pokleku. Samotn\u00fd pohyb byl zvladateln\u00fd, ale co mi tu opravdu vadilo, byl prach.<br><br><a class=\"more-link\" href=\"https:\/\/www.george-dennis.cz\/vyklizeni-zaprasenych-prostor\/\">Read More<\/a>","datePublished":"2026-02-10","dateModified":"2026-02-10","author":{"@type":"Person","@id":"https:\/\/www.george-dennis.cz\/author\/#Person","name":"","url":"https:\/\/www.george-dennis.cz\/author\/","identifier":1,"image":{"@type":"ImageObject","@id":"https:\/\/secure.gravatar.com\/avatar\/5522eb0fc8481dea5f6519f6a0b15ee2c46358d48429b281fd7c49cbb5a929f9?s=96&d=mm&r=g","url":"https:\/\/secure.gravatar.com\/avatar\/5522eb0fc8481dea5f6519f6a0b15ee2c46358d48429b281fd7c49cbb5a929f9?s=96&d=mm&r=g","height":96,"width":96}},"publisher":{"@type":"Organization","name":"george-dennis.cz","logo":{"@type":"ImageObject","@id":"\/logo.png","url":"\/logo.png","width":600,"height":60}},"image":{"@type":"ImageObject","@id":"https:\/\/www.george-dennis.cz\/wp-content\/uploads\/basement-2434824_640_7.jpg","url":"https:\/\/www.george-dennis.cz\/wp-content\/uploads\/basement-2434824_640_7.jpg","height":0,"width":0},"url":"https:\/\/www.george-dennis.cz\/vyklizeni-zaprasenych-prostor\/","about":["Business"],"wordCount":434,"articleBody":"        Za socialismu jsem bydlel v rodinn\u00e9m dom\u011b, ve kter\u00e9m se nach\u00e1zely p\u016fdn\u00ed prostory pod sedlovou st\u0159echou. Jednoho dne jsme tu s m\u00fdm str\u00fdcem cosi prov\u00e1d\u011bli v \u010d\u00e1sti p\u016fdy, kam byl nesnadn\u00fd p\u0159\u00edstup, \u0161lo o st\u0159echu s n\u00edzk\u00fdm sklonem a v t\u011bchto prostor\u00e1ch bylo nuzn\u00e9 se pohybovat v pokleku. Samotn\u00fd pohyb byl zvladateln\u00fd, ale co mi tu opravdu vadilo, byl prach. Jen\u017ee to nebyl prach, co se b\u011b\u017en\u011b st\u00edr\u00e1 z n\u00e1bytku v ob\u00fdv\u00e1ku, zde se jednalo o masivn\u00ed n\u00e1nosy, kter\u00e9 zna\u010dn\u011b znep\u0159\u00edjem\u0148oval \u017eivot. Kdy\u017e jsem se pak sprchoval a sm\u00fdval ne\u010distotu z t\u011bla, m\u011bl jsem prachem zalepen\u00e9 vlasy a z nosu vypad\u00e1valy \u010dern\u00e9 \u0161manty.A te\u010f si p\u0159edstavte, \u017ee bude zapot\u0159eb\u00ed takov\u00e9 prostory vyklidit. Nap\u0159\u00edklad v dom\u011b, kter\u00fd n\u011bkdo zd\u011bdil a pot\u0159ebuje jej rekonstruovat. Vykl\u00edzen\u00ed prostor p\u0159ed prov\u00e1d\u011bnou rekonstrukc\u00ed je mo\u017en\u00e9 uskute\u010dnit sv\u00e9pomoc\u00ed, ale tak\u00e9 lze po\u017e\u00e1dat o tuto pr\u00e1ci profesion\u00e1ly. Vykl\u00edzec\u00ed \u010di st\u011bhovac\u00ed firmu. Vykl\u00edzen\u00ed sklep\u016f v Praze vyklizeni-dohodou.cz v takov\u00e9 situaci m\u016f\u017ee b\u00fdt n\u00e1ro\u010dn\u00fdm pracovn\u00edm procesem i pro profesion\u00e1ly. Ti by si ale m\u011bli poradit i v takov\u00e9m prost\u0159ed\u00ed, jestli\u017ee budou pou\u017e\u00edvat vhodn\u00e9 pracovn\u00ed pom\u016fcky.Respir\u00e1tor proti prachu. Bez toho bych se v\u016fbec do takov\u00e9 \u010dinnosti nepou\u0161t\u011bl. Pr\u00e1ce bez respir\u00e1toru m\u016f\u017ee v tomto prost\u0159ed\u00ed zp\u016fsobit z\u00e1n\u011bt pr\u016fdu\u0161ek a dal\u0161\u00ed zdravotn\u00ed probl\u00e9my. V prachu se mohou vyskytovat i nebezpe\u010dn\u00e9 bakterie a jejich vdechov\u00e1n\u00edm se dostanou do krevn\u00edho ob\u011bhu.Pokr\u00fdvka hlavy. Usazen\u00fd prach ve vlasech tak\u00e9 m\u016f\u017ee skrze poko\u017eku kontaminovat organismus nebezpe\u010dn\u00fdmi patogeny. A sm\u00fdv\u00e1n\u00ed prachu z vlas\u016f pak m\u016f\u017ee b\u00fdt velmi n\u00e1ro\u010dn\u00fd proces.Pr\u00e1ce v rukavic\u00edch. P\u0159i vyn\u00e1\u0161en\u00ed p\u0159edm\u011bt\u016f z tohoto m\u00edsta m\u016f\u017ee doj\u00edt k drobn\u00fdm od\u011brk\u00e1m a odtud pak mohou mikroorganismy snadno proniknout skrze krevn\u00ed ob\u011bh do v\u0161ech t\u011blesn\u00fdch org\u00e1n\u016f. Toto bych rozhodn\u011b nepodce\u0148oval a vyu\u017e\u00edval bych pevn\u00e9 pracovn\u00ed rukavice s gumov\u00fdm vnit\u0159kem.Gumov\u00e9 boty.  Prach se m\u016f\u017ee dostat na nohy skrze nevhodnou, nap\u0159\u00edklad textiln\u00ed obuv. V tomto p\u0159\u00edpad\u011b bych s\u00e1zel na gumov\u00e9 boty. Mohly by b\u00fdt n\u00e1pomocn\u00e9 docela oby\u010dejn\u00e9 holinky.                                                                                                                                                                                                                                                                                                                                                                                                   "},{"@context":"https:\/\/schema.org\/","@type":"BreadcrumbList","itemListElement":[{"@type":"ListItem","position":1,"name":"Vykl\u00edzen\u00ed zapr\u00e1\u0161en\u00fdch prostor","item":"https:\/\/www.george-dennis.cz\/vyklizeni-zaprasenych-prostor\/#breadcrumbitem"}]}]